{"id":5986,"date":"2013-07-01T14:08:06","date_gmt":"2013-07-01T12:08:06","guid":{"rendered":"http:\/\/optik-sport-shop.at\/?p=5986"},"modified":"2026-04-13T20:53:21","modified_gmt":"2026-04-13T18:53:21","slug":"51-mezinarodni-myslivecka-konference","status":"publish","type":"post","link":"https:\/\/ddoptics.shop\/cs\/51-internationale-jagdkonferenz\/","title":{"rendered":"51. mezin\u00e1rodn\u00ed mysliveck\u00e1 konference - Lov mezi vol\u00e1n\u00edm jelen\u016f a Twitterem"},"content":{"rendered":"<h2>Hlavn\u00ed t\u00e9ma 51. mezin\u00e1rodn\u00ed mysliveck\u00e9 konference - Internet a komunikace<\/h2>\n<p>V \u010dervnu 2013 se v Gargellenu \/ Vorarlbersku konala 51. mezin\u00e1rodn\u00ed mysliveck\u00e1 konference.\u00a0 <strong><a href=\"http:\/\/www.madrisahotel.com\/\" target=\"_blank\" rel=\"noopener\">Hotel Madrisa in Gargellen\u00a0<\/a><\/strong> k t\u00e9matu \u201e<strong>Lov mezi vol\u00e1n\u00edm jelen\u016f a Twitterem - komunikace a vztahy s ve\u0159ejnost\u00ed<\/strong> ve v\u011bku nov\u00fdch technologi\u00ed a soci\u00e1ln\u00edch s\u00edt\u00ed - v\u00fdzva a p\u0159\u00edle\u017eitost\u201c.<\/p>\n<p>Akci po\u0159\u00e1dal <strong>Vorarlber\u0161t\u00ed lovci<\/strong> - St\u00e1tn\u00ed mysliveck\u00fd hospod\u00e1\u0159 Dr. Ernst Albrich.<\/p>\n<p>Z\u00e1stupci myslivc\u016f obs\u00e1hle diskutovali o n\u00e1sleduj\u00edc\u00edch t\u00e9matech:<\/p>\n<ul>\n<li><strong>Lov a trendy<\/strong> Z bezpe\u010d\u00ed v\u00fdzkumu ve\u0159ejn\u00e9ho m\u00edn\u011bn\u00ed: Jak bude vypadat myslivost v roce 2030?<\/li>\n<li>Web 2.0 - platformy, kter\u00e9 m\u016f\u017ee aktivn\u011b a produktivn\u011b vyu\u017e\u00edvat ka\u017ed\u00fd?<\/li>\n<li>Co je to <strong>Soci\u00e1ln\u00ed m\u00e9dia<\/strong> vlastn\u011b?<br \/>\nPro\u010d je to d\u016fle\u017eit\u00e9?<br \/>\nCo se vlastn\u011b d\u011bje?<\/li>\n<li><strong>Osv\u011bd\u010den\u00e9 postupy<\/strong> P\u0159\u00edklad: <strong><a title=\"St\u00e1hnout prezentaci loveck\u00fd port\u00e1l\" href=\"\/wp-content\/uploads\/2016\/08\/vortrag-jagdportal-51.-jagdkonferenz.pdf\">Prezentace loveck\u00e9ho port\u00e1lu Vorarlbersk\u00e9 mysliveck\u00e9 organizace<\/a><\/strong><\/li>\n<\/ul>\n<p>Odkaz na podrobnou zpr\u00e1vu s fotografiemi z akce\u00a0 <strong><a title=\"51. mezin\u00e1rodn\u00ed mysliveck\u00e1 konference\" href=\"http:\/\/www.vjagd.at\/2013\/jagd-zwischen-hirschruf-und-twitter\/\" target=\"_blank\" rel=\"noopener\">ZDE na vorarlbersk\u00e9m loveck\u00e9m port\u00e1lu<\/a><\/strong><\/p>\n<h3>V\u00fdtah ze zpr\u00e1v o loveck\u00e9 konferenci<\/h3>\n<ul>\n<li><a title=\"Zpr\u00e1va Okresn\u00ed mysliveck\u00fd spolek Hagen\" href=\"http:\/\/www.kreisjaegerschafthagen.de\/51_internationale_jagdkonferenz_beendet.html\" target=\"_blank\" rel=\"noopener\">Okresn\u00ed mysliveck\u00fd spolek Hagen<\/a><\/li>\n<li>Lov \u0160v\u00fdcarsko<\/li>\n<li>Pohled<\/li>\n<li><a title=\"Nahl\u00e1sit jihotyrolsk\u00fd loveck\u00fd port\u00e1l\" href=\"http:\/\/www.jagd.it\/Presse\/jagd-im-Internet-jaegerzeitung.pdf\" target=\"_blank\" rel=\"noopener\">Jihotyrolsk\u00fd loveck\u00fd port\u00e1l<\/a><\/li>\n<li><a title=\"Zpr\u00e1va Korutan\u0161t\u00ed myslivci\" href=\"http:\/\/www.kaerntner-jaegerschaft.at\/tl_files\/jaegerschaft\/kaerntner_jaeger\/Krntjaeger_210_reduziert.pdf\" target=\"_blank\" rel=\"noopener\">Report\u00e1\u017e Korutan\u0161t\u00ed myslivci Page 22<\/a><\/li>\n<li>Report\u00e1\u017e Tyrol\u0161t\u00ed lovci Page 23<\/li>\n<li><a title=\"Zpr\u00e1va Jihotyrolsk\u00e9ho mysliveck\u00e9ho svazu\" href=\"https:\/\/fl-jagd.li\/wp-content\/uploads\/2019\/08\/\/ResolutionIJK2013.pdf\" target=\"_blank\" rel=\"noopener\">Zpr\u00e1va Jihotyrolsk\u00e9ho mysliveck\u00e9ho svazu Strana 24<\/a><\/li>\n<li><a title=\"Zpr\u00e1va Hornorakousk\u00fd lovec\" href=\"http:\/\/issuu.com\/9teufel\/docs\/dero__j__ger_nr140_online\" target=\"_blank\" rel=\"noopener\">Hornorakousk\u00fd lovec Strana 27<\/a><\/li>\n<\/ul>\n<h3>V\u00fd\u0148atek - Z\u00e1v\u011bre\u010dn\u00e9 prohl\u00e1\u0161en\u00ed 51. mezin\u00e1rodn\u00ed mysliveck\u00e9 konference<\/h3>\n<p><em>\u201eV dob\u011b nov\u00fdch technologi\u00ed a soci\u00e1ln\u00edch s\u00edt\u00ed <strong>Komunikace a vztahy s ve\u0159ejnost\u00ed jsou velkou v\u00fdzvou<\/strong> reprezentovat. Mohou v\u0161ak tak\u00e9 <strong>P\u0159\u00edle\u017eitost<\/strong> st\u00e1t se.<\/em><\/p>\n<p><em>Po d\u016fkladn\u00e9 diskusi o prezentac\u00edch dosp\u011bli \u00fa\u010dastn\u00edci z jednotliv\u00fdch mysliveck\u00fdch organizac\u00ed z N\u011bmecka, Lichten\u0161tejnska, Lucemburska, Doln\u00edho Por\u00fdn\u00ed, Rakouska, \u0160v\u00fdcarska a Ji\u017en\u00edho Tyrolska k n\u00e1sleduj\u00edc\u00edm z\u00e1v\u011br\u016fm a zji\u0161t\u011bn\u00edm: . <strong>IJK vyz\u00fdv\u00e1 sv\u00e9 \u010dlensk\u00e9 organizace, aby v\u00edce vyu\u017e\u00edvaly mo\u017enost\u00ed, kter\u00e9 nab\u00edzej\u00ed nov\u00e1 m\u00e9dia, a to p\u0159\u00edpadn\u011b i spole\u010dn\u011b nebo v \u00fazk\u00e9 spolupr\u00e1ci,<\/strong> C\u00edlem je vyu\u017e\u00edt potenci\u00e1l loveck\u00fdch port\u00e1l\u016f - tak\u00e9 s partnery ve venkovsk\u00fdch oblastech - a z\u0159\u00eddit a aktivn\u011b spravovat loveck\u00e9 port\u00e1ly na evropsk\u00e9 \u00farovni.<\/em><\/p>\n<p><em>T\u00edmto zp\u016fsobem lze zd\u016fraznit v\u00fdznam a dopad myslivosti pro spole\u010dnost. Z\u00e1rove\u0148 je t\u0159eba \u017e\u00edt a d\u00e1le rozv\u00edjet mysliveckou kulturu a tradice a posilovat vz\u00e1jemnou komunikaci, aby se zd\u016fraznila a udr\u017eela vysok\u00e1 emocionalita myslivosti pro myslivce i nemyslivce.\u201c<\/em><\/p>","protected":false},"excerpt":{"rendered":"<p>\u00dast\u0159edn\u00ed t\u00e9ma 51. mezin\u00e1rodn\u00ed mysliveck\u00e9 konference: Internet a komunikace jako v\u00fdzva a p\u0159\u00edle\u017eitost .....<\/p>","protected":false},"author":2,"featured_media":9694,"comment_status":"closed","ping_status":"open","sticky":false,"template":"","format":"standard","meta":{"inline_featured_image":false,"footnotes":""},"categories":[177],"tags":[381],"class_list":["post-5986","post","type-post","status-publish","format-standard","has-post-thumbnail","hentry","category-news","tag-jagdkonferenz"],"_links":{"self":[{"href":"https:\/\/ddoptics.shop\/cs\/wp-json\/wp\/v2\/posts\/5986","targetHints":{"allow":["GET"]}}],"collection":[{"href":"https:\/\/ddoptics.shop\/cs\/wp-json\/wp\/v2\/posts"}],"about":[{"href":"https:\/\/ddoptics.shop\/cs\/wp-json\/wp\/v2\/types\/post"}],"author":[{"embeddable":true,"href":"https:\/\/ddoptics.shop\/cs\/wp-json\/wp\/v2\/users\/2"}],"replies":[{"embeddable":true,"href":"https:\/\/ddoptics.shop\/cs\/wp-json\/wp\/v2\/comments?post=5986"}],"version-history":[{"count":0,"href":"https:\/\/ddoptics.shop\/cs\/wp-json\/wp\/v2\/posts\/5986\/revisions"}],"wp:featuredmedia":[{"embeddable":true,"href":"https:\/\/ddoptics.shop\/cs\/wp-json\/wp\/v2\/media\/9694"}],"wp:attachment":[{"href":"https:\/\/ddoptics.shop\/cs\/wp-json\/wp\/v2\/media?parent=5986"}],"wp:term":[{"taxonomy":"category","embeddable":true,"href":"https:\/\/ddoptics.shop\/cs\/wp-json\/wp\/v2\/categories?post=5986"},{"taxonomy":"post_tag","embeddable":true,"href":"https:\/\/ddoptics.shop\/cs\/wp-json\/wp\/v2\/tags?post=5986"}],"curies":[{"name":"wp","href":"https:\/\/api.w.org\/{rel}","templated":true}]}}