{"id":27913,"date":"2025-02-06T12:54:20","date_gmt":"2025-02-06T11:54:20","guid":{"rendered":"https:\/\/ddoptics.shop\/?p=27913"},"modified":"2025-02-06T13:09:55","modified_gmt":"2025-02-06T12:09:55","slug":"debate-caza-del-lobo-economia-alpina-vorarlbergmuseum","status":"publish","type":"post","link":"https:\/\/ddoptics.shop\/es\/debatte-wolf-jagd-alpwirtschaft-vorarlbergmuseum\/","title":{"rendered":"Nota de mayo: Invitaci\u00f3n al debate del Museo de Vorarlberg: A la sombra del lobo y la econom\u00eda alpina - una charla cient\u00edfico-cultural"},"content":{"rendered":"<h2>Invitaci\u00f3n al debate: A la sombra del lobo y la econom\u00eda alpina - Charla cient\u00edfico-cultural en el Museo de Vorarlberg Bregenz<\/h2>\n<p><strong>Date:<\/strong> 27 mayo | 19:00<br \/>\n<strong>Ubicaci\u00f3n:<\/strong> Museo de Vorarlberg, Bregenz<br \/>\n<strong>Acceso:<\/strong> La entrada es gratuita - sin inscripci\u00f3n<\/p>\n<p><a href=\"https:\/\/www.vorarlbergmuseum.at\/fileadmin\/user_upload\/vorarlberg_museum_Programm_Feb_Mai_web.pdf\" target=\"_blank\" rel=\"noopener\">A la carpeta pdf Vorarlbergmuseum<\/a><\/p>\n<p>En <strong>Regreso del lobo a las regiones alpinas<\/strong> tiene una <strong>complejo debate sobre la protecci\u00f3n de este depredador<\/strong> y el futuro de la ganader\u00eda alpina tradicional. \u00bfDebe protegerse al lobo o supone realmente una amenaza existencial para la ganader\u00eda alpina?<\/p>\n<blockquote><p>Nuestra investigaci\u00f3n en Internet y en las redes sociales ha demostrado que el lobo es a menudo representado como una \"brutal m\u00e1quina de matar\". Se trata, presumiblemente, de un intento dirigido a manipular la opini\u00f3n p\u00fablica para desencadenar determinadas emociones en muchas personas.<\/p><\/blockquote>\n<p>Pero quiz\u00e1 siempre sea mejor buscar la verdad y desarrollar soluciones juntos.<\/p>\n<p>El cient\u00edfico de la cultura <a href=\"https:\/\/www.isek.uzh.ch\/de\/popul%C3%A4rekulturen\/ueberuns\/personen\/professuren\/tschofen.html\" target=\"_blank\" rel=\"noopener sponsored\">Bernhard Tschofe<\/a>n, catedr\u00e1tico de Etnolog\u00eda Europea de la Universidad de Z\u00farich, se\u00f1ala varios aspectos de este debate que a menudo se pasan por alto:<\/p>\n<ul>\n<li><strong>Pastores desaparecidos:<\/strong> Un sistema eficaz <strong>Estrategia de protecci\u00f3n de reba\u00f1os<\/strong> requiere la presencia de pastores en los pastos de monta\u00f1a. Sin embargo, la falta de personal en esta zona plantea un reto considerable.<br \/>\n<a href=\"https:\/\/www.bauernzeitung.ch\/dossier\/landleben\/das-alpleben-kann-schon-suechtig-machen-527791\" target=\"_blank\" rel=\"noopener\">BAUERNZEITUNG.CH<\/a><\/li>\n<li><strong>Ganado no apto para los Alpes:<\/strong> Muchas de las razas bovinas actuales no son aptas para el pastoreo extensivo. Requieren alimentaci\u00f3n adicional y no est\u00e1n dise\u00f1adas para este h\u00e1bitat.<\/li>\n<li><strong>Leyes de caza e instrumentalizaci\u00f3n pol\u00edtica:<\/strong> \u00bfC\u00f3mo influyen <a href=\"https:\/\/ddoptics.shop\/es\/hagdtalk-la-caza-y-el-publico\/\">legislaci\u00f3n vigente en materia de caza<\/a>\u00bfTienen los agricultores que tratan la caza como trofeo una visi\u00f3n clara de la situaci\u00f3n actual? \u00bfSe utilizan las preocupaciones de los agricultores con fines pol\u00edticos?<br \/>\n<a href=\"https:\/\/vbg.lko.at\/schadwolf-erlegt%2B2400%2B4074938?\" target=\"_blank\" rel=\"noopener\">VBG.LKO.AT<\/a><\/li>\n<\/ul>\n<h3>Programas de asesoramiento e informaci\u00f3n de la televisi\u00f3n suiza como preparaci\u00f3n<\/h3>\n<div class=\"video video-fit mb\" style=\"padding-top:56.25%;\"><p><iframe title=\"Humanos y lobos: \u00bfpueden convivir con \u00e9xito? | Einstein | SRF Knowledge\" width=\"1020\" height=\"574\" src=\"https:\/\/www.youtube.com\/embed\/mC7gE_pOkUg?feature=oembed\" frameborder=\"0\" allow=\"accelerometer; autoplay; clipboard-write; encrypted-media; gyroscope; picture-in-picture; web-share\" referrerpolicy=\"strict-origin-when-cross-origin\" allowfullscreen><\/iframe><\/p>\n<\/div>\n<h3>V\u00eddeo muy interesante sobre el tema de los perros guardianes de ganado y la eliminaci\u00f3n del lobo<\/h3>\n<div class=\"video video-fit mb\" style=\"padding-top:56.25%;\"><p><iframe title=\"Documental: Apuntar al lobo: \u00bfprotecci\u00f3n o tiro?\" width=\"1020\" height=\"574\" src=\"https:\/\/www.youtube.com\/embed\/y_FVaPzvN0M?feature=oembed\" frameborder=\"0\" allow=\"accelerometer; autoplay; clipboard-write; encrypted-media; gyroscope; picture-in-picture; web-share\" referrerpolicy=\"strict-origin-when-cross-origin\" allowfullscreen><\/iframe><\/p>\n<\/div>\n<h3>El Lobo - Rese\u00f1as y debates actuales basados en nuestra investigaci\u00f3n sobre el tema<\/h3>\n<p>El debate sobre el lobo se caracteriza por <strong>diferentes puntos de vista y emociones<\/strong>. En Baja Sajonia se ha introducido recientemente la nueva \"Directiva del lobo\", que aporta mejoras pero tambi\u00e9n ha sido criticada. Una de las cr\u00edticas es que sigue previendo \u00fanicamente una financiaci\u00f3n \u00fanica para las medidas de protecci\u00f3n de las manadas, lo que no es suficiente a largo plazo.<\/p>\n<p>Los criadores de ovejas viven en Suiza, especialmente en el <strong>Valais, en constante temor a los ataques de lobos.<\/strong> A pesar de la caza preventiva de lobos, muchos temen por su sustento y ven amenazada la agricultura alpina tradicional.<br \/>\n<a href=\"https:\/\/www.srf.ch\/news\/schweiz\/herdenschutzhund-angegriffen-unhaltbare-zustaende-ruf-nach-wolfsrudel-abschuessen-wird-lauter?\" target=\"_blank\" rel=\"noopener\">SRF.CH<\/a><\/p>\n<p>Al mismo tiempo, hay que hacer hincapi\u00e9 en <strong>Las organizaciones de conservaci\u00f3n de la naturaleza destacan la importancia del lobo para el ecosistema<\/strong> y advierten contra el debilitamiento de su estatus de especie protegida. El WWF, por ejemplo, critica los planes de la UE de reducir el estatus de protecci\u00f3n del lobo como un \"ataque populista a la protecci\u00f3n de especies\" y pide en su lugar una campa\u00f1a de protecci\u00f3n de manadas bien planificada.<\/p>\n<h3>El lobo - perspectivas de los diferentes grupos de inter\u00e9s | algunos ejemplos para reflexionar<\/h3>\n<ul>\n<li><strong>Agricultores:<\/strong> Muchos ganaderos ven amenazado su sustento por la creciente presencia de lobos. Denuncian un n\u00famero creciente de muertes de lobos y el enorme gasto que suponen las medidas de protecci\u00f3n de los reba\u00f1os. Por ello, algunos piden que se flexibilicen las normas de caza para proteger mejor sus reba\u00f1os.<br \/>\n<a href=\"https:\/\/vbg.lko.at\/schadwolf-erlegt%2B2400%2B4074938?\" target=\"_blank\" rel=\"noopener\">VBG.LKO.AT<\/a><\/li>\n<\/ul>\n<ul>\n<li><strong>Cazadores y cazadoras:<\/strong> La comunidad cineg\u00e9tica se encuentra en un dilema. Por un lado, reconocen el papel del lobo en el ecosistema; por otro, ven la necesidad de regular las poblaciones cineg\u00e9ticas y minimizar los da\u00f1os. Se est\u00e1 debatiendo la inclusi\u00f3n del lobo en la legislaci\u00f3n de caza para permitir una gesti\u00f3n controlada.<br \/>\n<a href=\"https:\/\/www.srf.ch\/news\/schweiz\/herdenschutzhund-angegriffen-unhaltbare-zustaende-ruf-nach-wolfsrudel-abschuessen-wird-lauter?\" target=\"_blank\" rel=\"noopener\">SRF.CH<\/a><\/li>\n<li><strong>Turistas:<\/strong> El turismo es un sector econ\u00f3mico importante en los Alpes. Los excursionistas y veraneantes aprecian el paisaje cultural abierto y los encuentros con animales de pastoreo. Sin embargo, preocupa que una mayor presencia de lobos pueda entra\u00f1ar riesgos para la seguridad, sobre todo cuando se utilizan perros guardianes de ganado, que pueden desconfiar de los extra\u00f1os.<\/li>\n<\/ul>\n<h3>Posibles preguntas para el debate y consideraciones y enfoques desde nuestro punto de vista<\/h3>\n<ul>\n<li><strong>Integraci\u00f3n de medidas de protecci\u00f3n de reba\u00f1os:<\/strong> \u00bfQu\u00e9 m\u00e9todos de protecci\u00f3n de reba\u00f1os est\u00e1n probados y c\u00f3mo pueden aplicarse eficazmente en la ganader\u00eda alpina? \u00bfQu\u00e9 papel desempe\u00f1an en ello los pastores y los perros guardianes del ganado?<br \/>\n<a href=\"https:\/\/www.bauernzeitung.ch\/dossier\/landleben\/das-alpleben-kann-schon-suechtig-machen-527791?\" target=\"_blank\" rel=\"noopener\">BAUERNZEITUNG.CH<\/a><\/li>\n<li><strong>Adaptaci\u00f3n de la ganader\u00eda:<\/strong> \u00bfEn qu\u00e9 medida deben adaptarse los programas de cr\u00eda para promover razas m\u00e1s robustas y capaces de afrontar mejor los retos que plantean los depredadores?<\/li>\n<li><strong>Condiciones marco pol\u00edticas:<\/strong> \u00bfC\u00f3mo pueden dise\u00f1arse las leyes de caza y los programas de apoyo de forma que tengan en cuenta tanto la protecci\u00f3n de los lobos como los intereses de la agricultura alpina? \u00bfEst\u00e1n adecuadamente representadas las preocupaciones de los agricultores en el debate pol\u00edtico, o existe el riesgo de instrumentalizaci\u00f3n?<br \/>\n<a href=\"https:\/\/www.srf.ch\/news\/schweiz\/herdenschutzhund-angegriffen-unhaltbare-zustaende-ruf-nach-wolfsrudel-abschuessen-wird-lauter?\" target=\"_blank\" rel=\"noopener\">SRF.CH<\/a>\u00a0 y <a href=\"https:\/\/vbg.lko.at\/landesregierung-handelt-in-sachen-wolf+2400+4016969\" target=\"_blank\" rel=\"noopener\">LKV<\/a><\/li>\n<li><strong>Perspectivas hist\u00f3ricas y otros pa\u00edses:<\/strong> \u00bfQu\u00e9 lecciones podemos extraer de la historia de <strong>Coexistencia de humanos y lobos<\/strong> \u00bfse pueden extraer? \u00bfExisten pr\u00e1cticas tradicionales que puedan volver a ser relevantes en la actualidad?<\/li>\n<li><strong>Efectos ecol\u00f3gicos:<\/strong> \u00bfC\u00f3mo afecta la presencia de lobos a la biodiversidad de los Alpes? \u00bfExisten efectos positivos sobre el ecosistema que hasta ahora hayan recibido poca atenci\u00f3n en el debate?<\/li>\n<li><strong>Aceptaci\u00f3n social:<\/strong> \u00bfC\u00f3mo puede promoverse el di\u00e1logo entre los distintos grupos de inter\u00e9s para llegar a una soluci\u00f3n com\u00fan? \u00bfQu\u00e9 papel desempe\u00f1an en ello los medios de comunicaci\u00f3n y la percepci\u00f3n p\u00fablica?<\/li>\n<\/ul>\n<h3>Nota: Invitaci\u00f3n al di\u00e1logo<\/h3>\n<p>El director del museo, Michael Kasper, invita a Bernhard Tschofen a debatir estas cuestiones con el p\u00fablico.<\/p>\n<blockquote><p>El acto ofrece una visi\u00f3n cient\u00edfico-cultural quiz\u00e1 profunda de un tema que afecta no s\u00f3lo a agricultores, conservacionistas y pol\u00edticos, sino a toda la sociedad.<\/p><\/blockquote>\n<p>Participe y aporte su punto de vista al debate.<\/p>","protected":false},"excerpt":{"rendered":"<p>2025 mayo | El lobo y la gesti\u00f3n alpina en Vorarlberg - Invitaci\u00f3n a una charla y debate cient\u00edfico cultural en el Museo de Vorarlberg...<\/p>","protected":false},"author":2,"featured_media":27918,"comment_status":"closed","ping_status":"open","sticky":false,"template":"","format":"standard","meta":{"inline_featured_image":false,"footnotes":""},"categories":[177],"tags":[1193,1195,1194,1196,1192],"class_list":["post-27913","post","type-post","status-publish","format-standard","has-post-thumbnail","hentry","category-news","tag-alpbewirtschaftung","tag-diskussion","tag-jagd","tag-vorarlbergmuseum","tag-wolf"],"_links":{"self":[{"href":"https:\/\/ddoptics.shop\/es\/wp-json\/wp\/v2\/posts\/27913","targetHints":{"allow":["GET"]}}],"collection":[{"href":"https:\/\/ddoptics.shop\/es\/wp-json\/wp\/v2\/posts"}],"about":[{"href":"https:\/\/ddoptics.shop\/es\/wp-json\/wp\/v2\/types\/post"}],"author":[{"embeddable":true,"href":"https:\/\/ddoptics.shop\/es\/wp-json\/wp\/v2\/users\/2"}],"replies":[{"embeddable":true,"href":"https:\/\/ddoptics.shop\/es\/wp-json\/wp\/v2\/comments?post=27913"}],"version-history":[{"count":7,"href":"https:\/\/ddoptics.shop\/es\/wp-json\/wp\/v2\/posts\/27913\/revisions"}],"predecessor-version":[{"id":27926,"href":"https:\/\/ddoptics.shop\/es\/wp-json\/wp\/v2\/posts\/27913\/revisions\/27926"}],"wp:featuredmedia":[{"embeddable":true,"href":"https:\/\/ddoptics.shop\/es\/wp-json\/wp\/v2\/media\/27918"}],"wp:attachment":[{"href":"https:\/\/ddoptics.shop\/es\/wp-json\/wp\/v2\/media?parent=27913"}],"wp:term":[{"taxonomy":"category","embeddable":true,"href":"https:\/\/ddoptics.shop\/es\/wp-json\/wp\/v2\/categories?post=27913"},{"taxonomy":"post_tag","embeddable":true,"href":"https:\/\/ddoptics.shop\/es\/wp-json\/wp\/v2\/tags?post=27913"}],"curies":[{"name":"wp","href":"https:\/\/api.w.org\/{rel}","templated":true}]}}