{"id":27913,"date":"2025-02-06T12:54:20","date_gmt":"2025-02-06T11:54:20","guid":{"rendered":"https:\/\/ddoptics.shop\/?p=27913"},"modified":"2025-02-06T13:09:55","modified_gmt":"2025-02-06T12:09:55","slug":"debata-polowanie-na-wilki-gospodarka-alpejska-vorarlbergmuseum","status":"publish","type":"post","link":"https:\/\/ddoptics.shop\/pl\/debatte-wolf-jagd-alpwirtschaft-vorarlbergmuseum\/","title":{"rendered":"Uwaga maj: Zaproszenie na debat\u0119 w Muzeum Vorarlberg: W cieniu wilka i alpejskiej gospodarki - wyk\u0142ad kulturoznawczy"},"content":{"rendered":"<h2>Zaproszenie na debat\u0119: W cieniu wilka i alpejskiej gospodarki - Rozmowa kulturoznawcza w Muzeum Vorarlbergu w Bregencji<\/h2>\n<p><strong>Data:<\/strong> 27 maja | 19:00<br \/>\n<strong>Lokalizacja:<\/strong> Muzeum Vorarlberg, Bregencja<br \/>\n<strong>Dost\u0119p:<\/strong> Wst\u0119p jest bezp\u0142atny - bez rejestracji<\/p>\n<p><a href=\"https:\/\/www.vorarlbergmuseum.at\/fileadmin\/user_upload\/vorarlberg_museum_Programm_Feb_Mai_web.pdf\" target=\"_blank\" rel=\"noopener\">Do folderu pdf Vorarlbergmuseum<\/a><\/p>\n<p>The <strong>Powr\u00f3t wilka do region\u00f3w alpejskich<\/strong> ma intensywny i <strong>z\u0142o\u017cona debata na temat ochrony tego drapie\u017cnika<\/strong> i przysz\u0142o\u015b\u0107 tradycyjnego rolnictwa wysokog\u00f3rskiego. Czy wilk powinien by\u0107 chroniony, czy te\u017c faktycznie stanowi egzystencjalne zagro\u017cenie dla rolnictwa alpejskiego?<\/p>\n<blockquote><p>Nasze badania w Internecie i sieciach spo\u0142eczno\u015bciowych wykaza\u0142y, \u017ce wilk jest cz\u0119sto przedstawiany jako \u201cbrutalna maszyna do zabijania\u201d. Jest to prawdopodobnie celowa pr\u00f3ba manipulowania opini\u0105 publiczn\u0105 w celu wywo\u0142ania okre\u015blonych emocji u wielu os\u00f3b.<\/p><\/blockquote>\n<p>Ale by\u0107 mo\u017ce zawsze lepiej jest szuka\u0107 prawdy i wsp\u00f3lnie opracowywa\u0107 rozwi\u0105zania.<\/p>\n<p>Kulturoznawca <a href=\"https:\/\/www.isek.uzh.ch\/de\/popul%C3%A4rekulturen\/ueberuns\/personen\/professuren\/tschofen.html\" target=\"_blank\" rel=\"noopener sponsored\">Bernhard Tschofe<\/a>n, profesor etnologii europejskiej na Uniwersytecie w Zurychu, wskazuje na kilka cz\u0119sto pomijanych aspekt\u00f3w tej dyskusji:<\/p>\n<ul>\n<li><strong>Zaginieni pasterze:<\/strong> Skuteczny <strong>Strategia ochrony stada<\/strong> wymaga obecno\u015bci pasterzy na g\u00f3rskich pastwiskach. Jednak brak personelu w tym obszarze stanowi powa\u017cne wyzwanie.<br \/>\n<a href=\"https:\/\/www.bauernzeitung.ch\/dossier\/landleben\/das-alpleben-kann-schon-suechtig-machen-527791\" target=\"_blank\" rel=\"noopener\">BAUERNZEITUNG.CH<\/a><\/li>\n<li><strong>Zwierz\u0119ta gospodarskie nieodpowiednie dla Alp:<\/strong> Wiele wsp\u00f3\u0142czesnych ras byd\u0142a nie nadaje si\u0119 do ekstensywnego wypasu. Wymagaj\u0105 one dodatkowego karmienia i nie s\u0105 przeznaczone do tego siedliska.<\/li>\n<li><strong>Prawo \u0142owieckie i instrumentalizacja polityczna:<\/strong> Jak wp\u0142ywaj\u0105 one na <a href=\"https:\/\/ddoptics.shop\/pl\/hagdtalk-polowanie-i-opinia-publiczna\/\">obowi\u0105zuj\u0105ce prawo \u0142owieckie<\/a>, Czy rolnicy, kt\u00f3rzy traktuj\u0105 zwierzyn\u0119 \u0142own\u0105 jako trofeum, maj\u0105 jasny obraz obecnej sytuacji? Czy obawy rolnik\u00f3w s\u0105 wykorzystywane do cel\u00f3w politycznych?<br \/>\n<a href=\"https:\/\/vbg.lko.at\/schadwolf-erlegt%2B2400%2B4074938?\" target=\"_blank\" rel=\"noopener\">VBG.LKO.AT<\/a><\/li>\n<\/ul>\n<h3>Programy doradcze i informacje ze szwajcarskiej telewizji jako przygotowanie<\/h3>\n<div class=\"video video-fit mb\" style=\"padding-top:56.25%;\"><p><iframe title=\"Ludzie i wilki: czy mog\u0105 \u017cy\u0107 razem? | Einstein | Wiedza SRF\" width=\"1020\" height=\"574\" src=\"https:\/\/www.youtube.com\/embed\/mC7gE_pOkUg?feature=oembed\" frameborder=\"0\" allow=\"accelerometer; autoplay; clipboard-write; encrypted-media; gyroscope; picture-in-picture; web-share\" referrerpolicy=\"strict-origin-when-cross-origin\" allowfullscreen><\/iframe><\/p>\n<\/div>\n<h3>Bardzo interesuj\u0105cy film na temat ps\u00f3w pilnuj\u0105cych zwierz\u0105t gospodarskich i usuwania wilk\u00f3w<\/h3>\n<div class=\"video video-fit mb\" style=\"padding-top:56.25%;\"><p><iframe title=\"Dokument: Celowanie w wilka - ochrona czy odstrza\u0142?\" width=\"1020\" height=\"574\" src=\"https:\/\/www.youtube.com\/embed\/y_FVaPzvN0M?feature=oembed\" frameborder=\"0\" allow=\"accelerometer; autoplay; clipboard-write; encrypted-media; gyroscope; picture-in-picture; web-share\" referrerpolicy=\"strict-origin-when-cross-origin\" allowfullscreen><\/iframe><\/p>\n<\/div>\n<h3>Wilk - Aktualne recenzje i dyskusje oparte na naszych badaniach na ten temat<\/h3>\n<p>Dyskusja na temat wilka charakteryzuje si\u0119 <strong>r\u00f3\u017cne punkty widzenia i emocje<\/strong>. W Dolnej Saksonii niedawno wprowadzono now\u0105 \u201eDyrektyw\u0119 Wilcz\u0105\u201c, kt\u00f3ra przynosi ulepszenia, ale jest r\u00f3wnie\u017c krytykowana. Jednym z zarzut\u00f3w jest to, \u017ce nadal zapewnia ona jedynie jednorazowe finansowanie \u015brodk\u00f3w ochrony stad, co nie jest wystarczaj\u0105ce w perspektywie d\u0142ugoterminowej.<\/p>\n<p>Hodowcy owiec mieszkaj\u0105 w Szwajcarii, zw\u0142aszcza w <strong>Valais, w ci\u0105g\u0142ym strachu przed atakami wilk\u00f3w.<\/strong> Pomimo prewencyjnego odstrza\u0142u wilk\u00f3w, wiele os\u00f3b obawia si\u0119 o swoje \u017ar\u00f3d\u0142a utrzymania i widzi zagro\u017cenie dla tradycyjnego rolnictwa alpejskiego.<br \/>\n<a href=\"https:\/\/www.srf.ch\/news\/schweiz\/herdenschutzhund-angegriffen-unhaltbare-zustaende-ruf-nach-wolfsrudel-abschuessen-wird-lauter?\" target=\"_blank\" rel=\"noopener\">SRF.CH<\/a><\/p>\n<p>Jednocze\u015bnie nale\u017cy podkre\u015bli\u0107 <strong>Organizacje zajmuj\u0105ce si\u0119 ochron\u0105 przyrody podkre\u015blaj\u0105 znaczenie wilka dla ekosystemu<\/strong> i ostrzegaj\u0105 przed os\u0142abieniem jego statusu ochronnego. Na przyk\u0142ad WWF krytykuje unijne plany obni\u017cenia statusu ochronnego wilka jako \u201epopulistyczny atak na ochron\u0119 gatunkow\u0105\u201c i zamiast tego wzywa do dobrze zaplanowanej kampanii ochrony stada.<\/p>\n<h3>Wilk - perspektywy r\u00f3\u017cnych grup interesu | kilka przyk\u0142ad\u00f3w do przemy\u015blenia<\/h3>\n<ul>\n<li><strong>Rolnicy:<\/strong> Wielu rolnik\u00f3w dostrzega zagro\u017cenie dla swoich \u017ar\u00f3de\u0142 utrzymania w zwi\u0105zku z rosn\u0105c\u0105 obecno\u015bci\u0105 wilk\u00f3w. Zg\u0142aszaj\u0105 oni rosn\u0105c\u0105 liczb\u0119 zabitych wilk\u00f3w i ogromne wydatki na \u015brodki ochrony stad. Niekt\u00f3rzy z nich wzywaj\u0105 do z\u0142agodzenia przepis\u00f3w dotycz\u0105cych odstrza\u0142u, aby lepiej chroni\u0107 swoje stada.<br \/>\n<a href=\"https:\/\/vbg.lko.at\/schadwolf-erlegt%2B2400%2B4074938?\" target=\"_blank\" rel=\"noopener\">VBG.LKO.AT<\/a><\/li>\n<\/ul>\n<ul>\n<li><strong>\u0141owcy i \u0142owczynie:<\/strong> Spo\u0142eczno\u015b\u0107 my\u015bliwych stoi przed dylematem. Z jednej strony uznaj\u0105 rol\u0119 wilka w ekosystemie, z drugiej widz\u0105 potrzeb\u0119 regulowania populacji zwierzyny \u0142ownej i minimalizowania szk\u00f3d. Prowadzone s\u0105 dyskusje na temat w\u0142\u0105czenia wilka do prawodawstwa \u0142owieckiego, aby umo\u017cliwi\u0107 kontrolowane zarz\u0105dzanie.<br \/>\n<a href=\"https:\/\/www.srf.ch\/news\/schweiz\/herdenschutzhund-angegriffen-unhaltbare-zustaende-ruf-nach-wolfsrudel-abschuessen-wird-lauter?\" target=\"_blank\" rel=\"noopener\">SRF.CH<\/a><\/li>\n<li><strong>Tury\u015bci:<\/strong> Turystyka jest wa\u017cnym sektorem gospodarki w Alpach. W\u0119drowcy i wczasowicze doceniaj\u0105 otwarty krajobraz kulturowy i spotkania z pas\u0105cymi si\u0119 zwierz\u0119tami. Istniej\u0105 jednak obawy, \u017ce zwi\u0119kszona obecno\u015b\u0107 wilk\u00f3w mo\u017ce prowadzi\u0107 do zagro\u017cenia bezpiecze\u0144stwa, zw\u0142aszcza gdy wykorzystywane s\u0105 psy str\u00f3\u017cuj\u0105ce, kt\u00f3re mog\u0105 by\u0107 podejrzliwe wobec obcych.<\/li>\n<\/ul>\n<h3>Mo\u017cliwe pytania do dyskusji oraz rozwa\u017cania i podej\u015bcia z naszego punktu widzenia<\/h3>\n<ul>\n<li><strong>Integracja \u015brodk\u00f3w ochrony stada:<\/strong> Jakie s\u0105 sprawdzone metody ochrony stada i jak mo\u017cna je skutecznie wdro\u017cy\u0107 w rolnictwie wysokog\u00f3rskim? Jak\u0105 rol\u0119 odgrywaj\u0105 w tym pasterze i psy str\u00f3\u017cuj\u0105ce?<br \/>\n<a href=\"https:\/\/www.bauernzeitung.ch\/dossier\/landleben\/das-alpleben-kann-schon-suechtig-machen-527791?\" target=\"_blank\" rel=\"noopener\">BAUERNZEITUNG.CH<\/a><\/li>\n<li><strong>Dostosowanie hodowli zwierz\u0105t gospodarskich:<\/strong> W jakim stopniu nale\u017cy dostosowa\u0107 programy hodowlane, aby promowa\u0107 bardziej wytrzyma\u0142e rasy, kt\u00f3re s\u0105 w stanie lepiej radzi\u0107 sobie z wyzwaniami stawianymi przez drapie\u017cniki?<\/li>\n<li><strong>Polityczne warunki ramowe:<\/strong> W jaki spos\u00f3b mo\u017cna zaprojektowa\u0107 prawo \u0142owieckie i programy wsparcia w taki spos\u00f3b, aby uwzgl\u0119dnia\u0142y one zar\u00f3wno ochron\u0119 wilk\u00f3w, jak i interesy rolnictwa alpejskiego? Czy obawy rolnik\u00f3w s\u0105 odpowiednio reprezentowane w debacie politycznej, czy te\u017c istnieje ryzyko instrumentalizacji?<br \/>\n<a href=\"https:\/\/www.srf.ch\/news\/schweiz\/herdenschutzhund-angegriffen-unhaltbare-zustaende-ruf-nach-wolfsrudel-abschuessen-wird-lauter?\" target=\"_blank\" rel=\"noopener\">SRF.CH<\/a>\u00a0 oraz <a href=\"https:\/\/vbg.lko.at\/landesregierung-handelt-in-sachen-wolf+2400+4016969\" target=\"_blank\" rel=\"noopener\">LKV<\/a><\/li>\n<li><strong>Perspektywy historyczne i inne kraje:<\/strong> Jakie wnioski mo\u017cna wyci\u0105gn\u0105\u0107 z historii <strong>Wsp\u00f3\u0142istnienie ludzi i wilk\u00f3w<\/strong> mo\u017cna wyci\u0105gn\u0105\u0107? Czy istniej\u0105 tradycyjne praktyki, kt\u00f3re mog\u0105 by\u0107 dzi\u015b ponownie istotne?<\/li>\n<li><strong>Efekty ekologiczne:<\/strong> Jak obecno\u015b\u0107 wilk\u00f3w wp\u0142ywa na bior\u00f3\u017cnorodno\u015b\u0107 w Alpach? Czy istniej\u0105 pozytywne skutki dla ekosystemu, kt\u00f3rym do tej pory po\u015bwi\u0119cono zbyt ma\u0142o uwagi w debacie?<\/li>\n<li><strong>Akceptacja spo\u0142eczna:<\/strong> W jaki spos\u00f3b mo\u017cna promowa\u0107 dialog mi\u0119dzy r\u00f3\u017cnymi grupami interesu w celu osi\u0105gni\u0119cia wsp\u00f3lnego rozwi\u0105zania? Jak\u0105 rol\u0119 odgrywaj\u0105 w tym media i percepcja spo\u0142eczna?<\/li>\n<\/ul>\n<h3>Uwaga: Zaproszenie do dialogu<\/h3>\n<p>Dyrektor muzeum Michael Kasper zaprasza Bernharda Tschofena do dyskusji z publiczno\u015bci\u0105.<\/p>\n<blockquote><p>Wydarzenie to oferuje by\u0107 mo\u017ce g\u0142\u0119boki kulturowo-naukowy wgl\u0105d w temat, kt\u00f3ry dotyczy nie tylko rolnik\u00f3w, dzia\u0142aczy na rzecz ochrony przyrody i polityk\u00f3w, ale tak\u017ce ca\u0142ego spo\u0142ecze\u0144stwa.<\/p><\/blockquote>\n<p>Do\u0142\u0105cz i wnie\u015b sw\u00f3j punkt widzenia do dyskusji!<\/p>","protected":false},"excerpt":{"rendered":"<p>Maj 2025 | Wilk i gospodarka alpejska w Vorarlbergu - Zaproszenie na wyk\u0142ad i debat\u0119 kulturalno-naukow\u0105 w Muzeum Vorarlberg...<\/p>","protected":false},"author":2,"featured_media":27918,"comment_status":"closed","ping_status":"open","sticky":false,"template":"","format":"standard","meta":{"inline_featured_image":false,"footnotes":""},"categories":[177],"tags":[1193,1195,1194,1196,1192],"class_list":["post-27913","post","type-post","status-publish","format-standard","has-post-thumbnail","hentry","category-news","tag-alpbewirtschaftung","tag-diskussion","tag-jagd","tag-vorarlbergmuseum","tag-wolf"],"_links":{"self":[{"href":"https:\/\/ddoptics.shop\/pl\/wp-json\/wp\/v2\/posts\/27913","targetHints":{"allow":["GET"]}}],"collection":[{"href":"https:\/\/ddoptics.shop\/pl\/wp-json\/wp\/v2\/posts"}],"about":[{"href":"https:\/\/ddoptics.shop\/pl\/wp-json\/wp\/v2\/types\/post"}],"author":[{"embeddable":true,"href":"https:\/\/ddoptics.shop\/pl\/wp-json\/wp\/v2\/users\/2"}],"replies":[{"embeddable":true,"href":"https:\/\/ddoptics.shop\/pl\/wp-json\/wp\/v2\/comments?post=27913"}],"version-history":[{"count":7,"href":"https:\/\/ddoptics.shop\/pl\/wp-json\/wp\/v2\/posts\/27913\/revisions"}],"predecessor-version":[{"id":27926,"href":"https:\/\/ddoptics.shop\/pl\/wp-json\/wp\/v2\/posts\/27913\/revisions\/27926"}],"wp:featuredmedia":[{"embeddable":true,"href":"https:\/\/ddoptics.shop\/pl\/wp-json\/wp\/v2\/media\/27918"}],"wp:attachment":[{"href":"https:\/\/ddoptics.shop\/pl\/wp-json\/wp\/v2\/media?parent=27913"}],"wp:term":[{"taxonomy":"category","embeddable":true,"href":"https:\/\/ddoptics.shop\/pl\/wp-json\/wp\/v2\/categories?post=27913"},{"taxonomy":"post_tag","embeddable":true,"href":"https:\/\/ddoptics.shop\/pl\/wp-json\/wp\/v2\/tags?post=27913"}],"curies":[{"name":"wp","href":"https:\/\/api.w.org\/{rel}","templated":true}]}}