{"id":7921,"date":"2015-04-23T08:16:48","date_gmt":"2015-04-23T06:16:48","guid":{"rendered":"http:\/\/optik-sport-shop.at\/?p=7921"},"modified":"2016-05-03T22:57:11","modified_gmt":"2016-05-03T20:57:11","slug":"wideo-pokaz-polowania-feldkirch-2015-vorarlberger-jaegerschaft","status":"publish","type":"post","link":"https:\/\/ddoptics.shop\/pl\/video-hegeschau-feldkirch-2015-vorarlberger-jaegerschaft\/","title":{"rendered":"Wideo - Feldkirch Hunting Show Stowarzyszenia My\u015bliwskiego Vorarlberg"},"content":{"rendered":"[vc_row][vc_column][vc_column_text]\n<h2>Video &#8211; Hegeschau der Bezirksgruppe Feldkirch der Vorarlberger J\u00e4gerschaft<\/h2>\n<p>Zum <a title=\"Zum Portal der Vorarlberger J\u00e4gerschaft\" href=\"http:\/\/www.vjagd.at\/2015\/hegeschau-feldkirch\/\" target=\"_blank\" rel=\"noopener\">Bericht auf dem Portal der Vorarlberger J\u00e4gerschaft HIER<\/a><\/p>\n<p>Die diesj\u00e4hrige <strong>Hegeschau der <a title=\"Die Bezirksgruppe Feldkirch der Vorarlberger J\u00e4gerschaft\" href=\"http:\/\/www.vjagd.at\/vorarlberger-jaegerschaft\/organisation\/bezirksgruppen\/uebersicht_bezirksgruppe-feldkirch\/\" target=\"_blank\" rel=\"noopener\">Bezirksgruppe Feldkirch<\/a><\/strong> unter dem Motto \u201eKulturgut Jagd\u201c fand am 11. und 12. April im Vinomnasaal in Rankweil statt. Viele Besucher konnte die Bezirksgruppe Feldkirch unter der F\u00fchrung von <a title=\"Zum Profil des Bezirksj\u00e4germeisters\" href=\"http:\/\/www.vjagd.at\/mitglieder\/reinhard-metzler\/\" target=\"_blank\" rel=\"noopener\">Bezirksj\u00e4germeister Reinhard Metzler <\/a>zur gelungenen Veranstaltung begr\u00fc\u00dfen.<\/p>\n<p>Ebenfalls angesprochen wurde die <strong>Petition f\u00fcr die Abschaffung der gesetzlichen Hegeschauen durch den <a title=\"Waldverein\" href=\"http:\/\/www.waldverein.at\/team.html\" target=\"_blank\" rel=\"noopener\">Waldverein<\/a><\/strong>.<\/p>\n<p>Aus Sicht des Bezirksj\u00e4germeisters \u201esollten wir <strong>keine Politiker bzw. sogar den Landtag dazu ben\u00f6tigen,<\/strong> um unsere<strong> gemeinsame Zukunft in Sachen Hegeschauen zu gestalten!\u201c<\/strong> Der direkte Weg mit den Betroffenen muss gesucht werden, <strong>ein Gespr\u00e4ch zu f\u00fchren sei immer das Beste<\/strong>. Jagd sei Freude, und diese soll mit anderen Menschen geteilt werden, vor allem mit anderen Naturnutzern. \u201eJagd hei\u00dft Bodenst\u00e4ndigkeit, aber auch Kraft zu tanken. Wir m\u00fcssen <strong>gemeinsam unseren kommenden Generationen einen lebenswerten und vor allem zukunftsf\u00e4higen Lebensraum hinterlassen.<\/strong> Gemeinsam k\u00f6nnen wir uns \u00fcber das Erreichte freuen und voller Datendrang im Sinne gemeinsamer Gestaltung unseres einzigartigen Lebensraums Vorarlberg in die nahe Zukunft blicken.\u201c<\/p>\n<h3>Video der Hegeschau von Jagd und Natur TV<\/h3>\n<p><iframe style=\"border-style: none;\" src=\"http:\/\/www.jagdundnatur.tv:80\/embedded_videoplayer.php?episodeId=236\" width=\"600\" height=\"360\" frameborder=\"0\" marginwidth=\"0\" marginheight=\"0\" scrolling=\"no\"><\/iframe><\/p>\n<h3>Weitere Schwerpunkte und Highlights der Hegeschau<\/h3>\n<ul>\n<li>Jagd: Neben den im Jagdjahr erlegten <strong>Troph\u00e4en des Bezirk Feldkirch<\/strong> wurde den interessierten Besuchern zus\u00e4tzlich viel Wissen und <strong>Informationen \u00fcber den Wildlebensraum<\/strong> Vorarlberg vermittelt.<\/li>\n<li><strong>Sonderschau &#8211; \u201eHeimische Vogelwelt\u201c:<\/strong> Bei der Sonderausstellung \u201eHeimische Vogelwelt\u201c konnten die Besucher die heimischen Taggreife, Wasserv\u00f6gel und Nachtgreife bewundern.<\/li>\n<li>Jagdp\u00e4dagogik &#8211; Die <strong>Wald- und Jagdp\u00e4dagoginnen<\/strong> Ingrid Albrich, Christine Hofmann und Andrea Bitschnau zeigten den j\u00fcngsten Besuchern den Zusammenhang zwischen den Tieren, dem Wald, den Wiesen und uns Menschen.<\/li>\n<li>Die Metzgerei Spieler aus Feldkirch bot den Besuchern verschiedene K\u00f6stlichkeiten, die aus dem <strong>wertvollen Produkt Wildfleisch<\/strong> erzeugt wurden.<\/li>\n<li>Robert und Mariana Fleisch vom Hirschhorn St\u00f6bli Schruns pr\u00e4sentierten verschiedene Schmuckst\u00fccke aus Hirschhorn<\/li>\n<li>Daniel Wiounig, ein Auswanderer aus dem L\u00e4ndle, pr\u00e4sentierte die Jagd in Britisch Kolumbien.<\/li>\n<li><a title=\"Jagd und Natur TV\" href=\"http:\/\/www.jagdundnatur.tv\/\" target=\"_blank\" rel=\"noopener\">Jagd &amp; Natur TV: <\/a>Ebenfalls an beiden Tagen anwesend war der Gesch\u00e4ftsf\u00fchrer der Firma Krautzer Lynn MediaEvents und Kommunikationstechnik GmbH Hannes Krautzer, welcher am Samstag Nachmittag die <strong>Pr\u00e4sentation \u201eJagd im Bild \u2013 Neue Medien schaffen neue Chancen\u201c<\/strong> vorstellte.<\/li>\n<li>Musikalische Unterhaltung: Musikalisch umrahmt wurde die Hegeschau \u2013 <strong>Kulturgut Jagd von der Jagdhornbl\u00e4sergruppe Feldkirch sowie dem 1. Vorarlberger J\u00e4gerchor.<\/strong> Zudem spielten am Samstag zum J\u00e4gerabend die \u201eB\u00e4rig B\u00f6hmisch\u201c und am Sonntag beim J\u00e4gerfr\u00fchschoppen die B\u00fcrgermusik Rankweil.<\/li>\n<\/ul>\n[\/vc_column_text][\/vc_column][\/vc_row]\n","protected":false},"excerpt":{"rendered":"<p>Hegeschau grupy okr\u0119gowej Feldkirch z wideo - warto obejrze\u0107!<\/p>","protected":false},"author":2,"featured_media":8631,"comment_status":"closed","ping_status":"closed","sticky":false,"template":"","format":"standard","meta":{"inline_featured_image":false,"footnotes":""},"categories":[178,177],"tags":[185],"class_list":["post-7921","post","type-post","status-publish","format-standard","has-post-thumbnail","hentry","category-allgemein","category-news","tag-hegeschau-jaegerschaft"],"_links":{"self":[{"href":"https:\/\/ddoptics.shop\/pl\/wp-json\/wp\/v2\/posts\/7921","targetHints":{"allow":["GET"]}}],"collection":[{"href":"https:\/\/ddoptics.shop\/pl\/wp-json\/wp\/v2\/posts"}],"about":[{"href":"https:\/\/ddoptics.shop\/pl\/wp-json\/wp\/v2\/types\/post"}],"author":[{"embeddable":true,"href":"https:\/\/ddoptics.shop\/pl\/wp-json\/wp\/v2\/users\/2"}],"replies":[{"embeddable":true,"href":"https:\/\/ddoptics.shop\/pl\/wp-json\/wp\/v2\/comments?post=7921"}],"version-history":[{"count":0,"href":"https:\/\/ddoptics.shop\/pl\/wp-json\/wp\/v2\/posts\/7921\/revisions"}],"wp:featuredmedia":[{"embeddable":true,"href":"https:\/\/ddoptics.shop\/pl\/wp-json\/wp\/v2\/media\/8631"}],"wp:attachment":[{"href":"https:\/\/ddoptics.shop\/pl\/wp-json\/wp\/v2\/media?parent=7921"}],"wp:term":[{"taxonomy":"category","embeddable":true,"href":"https:\/\/ddoptics.shop\/pl\/wp-json\/wp\/v2\/categories?post=7921"},{"taxonomy":"post_tag","embeddable":true,"href":"https:\/\/ddoptics.shop\/pl\/wp-json\/wp\/v2\/tags?post=7921"}],"curies":[{"name":"wp","href":"https:\/\/api.w.org\/{rel}","templated":true}]}}